{"id":343,"date":"2017-02-17T17:22:39","date_gmt":"2017-02-17T15:22:39","guid":{"rendered":"http:\/\/allende-carpinteria.com\/?p=343"},"modified":"2017-02-17T17:25:05","modified_gmt":"2017-02-17T15:25:05","slug":"contacto","status":"publish","type":"post","link":"https:\/\/allende-carpinteria.com\/index.php\/2017\/02\/17\/contacto\/","title":{"rendered":"C\u00f3mo ponerse en contacto con nuestra empresa."},"content":{"rendered":"<h2>Formas de\u00a0contactar con vosotros, a excepci\u00f3n de la p\u00e1gina web.<\/h2>\n<p>Uno de los principales m\u00e9todos\u00a0de contacto es mediante nuestra <strong><a href=\"https:\/\/www.facebook.com\/allendecarpinteria\/\">p\u00e1gina de facebook<\/a><\/strong>. El cual intentamos tener siempre al d\u00eda, con actualizaciones, trabajos, noticias, intereses,etc.<\/p>\n<p>Actualmente, es el\u00a0principal <strong>medio de comunicaci\u00f3n<\/strong> por la\u00a0viabilidad\u00a0que nos proporciona\u00a0para poder llegar a un p\u00fablico concreto.<\/p>\n<p>Como ya hemos comentado anteriormente, queremos daros las mayores comodidades posibles, para que la comunicaci\u00f3n sea la mejor posible. Por ello tenemos a un equipo que est\u00e1 constantemente &#8220;en l\u00ednea&#8221; para responder vuestras solicitudes lo antes posible.<\/p>\n<p>As\u00ed como el <strong>desplazamiento<\/strong> tampoco ha sido nunca\u00a0un inconveniente, y qui\u00e9n sabe, si surge algo en el extranjero&#8230; \u00bfpor qu\u00e9 negarse?<\/p>\n<p>Tambi\u00e9n recomendamos que nos escrib\u00e1is un correo en la <strong>web<\/strong> para as\u00ed poder comunicarnos m\u00e1s f\u00e1cilmente, ya que podremos enviaros presupuestos, bocetos&#8230; y atender a todas vuestras solicitudes personales.<\/p>\n<p>Realizamos todo tipo de trabajos en madera, desde el dise\u00f1o y creaci\u00f3n de piezas originales y \u00fanicas, hasta la construcci\u00f3n de edificios y tejados. Todo lo relacionado con carpinter\u00eda, ebanister\u00eda, cerrajer\u00eda y dise\u00f1o.<\/p>\n<p><strong>Contacta con nosotros<\/strong>\u00a0 \ud83d\ude09<\/p>\n<p><a href=\"http:\/\/allende-carpinteria.com\/#contact\">http:\/\/allende-carpinteria.com\/#contact<\/a><\/p>\n<p><a href=\"https:\/\/www.facebook.com\/allendecarpinteria\/\">https:\/\/www.facebook.com\/allendecarpinteria\/<\/a><\/p>\n<p><a href=\"http:\/\/allende-carpinteria.com\/#contact\">http:\/\/allende-carpinteria.com\/<\/a><\/p>\n<p>&nbsp;<\/p>\n<div id=\"fb-root\"><\/div>\n<p><script>(function(d, s, id) {  var js, fjs = d.getElementsByTagName(s)[0];  if (d.getElementById(id)) return;  js = d.createElement(s); js.id = id;  js.src = \"\/\/connect.facebook.net\/fr_FR\/sdk.js#xfbml=1&version=v2.3\";  fjs.parentNode.insertBefore(js, fjs);}(document, 'script', 'facebook-jssdk'));<\/script><\/p>\n<div class=\"fb-post\" data-href=\"https:\/\/www.facebook.com\/allendecarpinteria\/photos\/a.1195301260500916.1073741837.1192299867467722\/1195321330498909\/?type=3&amp;theater\" data-width=\"640\">\n<blockquote cite=\"https:\/\/www.facebook.com\/allendecarpinteria\/photos\/a.1195301260500916.1073741837.1192299867467722\/1195321330498909\/?type=3\" class=\"fb-xfbml-parse-ignore\"><p>Publi\u00e9 par <a href=\"https:\/\/www.facebook.com\/allendecarpinteria\/\">Carpinter\u00eda Ebanister\u00eda Allende<\/a> sur&nbsp;<a href=\"https:\/\/www.facebook.com\/allendecarpinteria\/photos\/a.1195301260500916.1073741837.1192299867467722\/1195321330498909\/?type=3\">vendredi 15 juillet 2016<\/a><\/p><\/blockquote>\n<\/div>\n","protected":false},"excerpt":{"rendered":"<p>Formas de\u00a0contactar con vosotros, a excepci\u00f3n de la p\u00e1gina web. Uno de los principales m\u00e9todos\u00a0de contacto es mediante nuestra p\u00e1gina de facebook. El cual intentamos tener siempre al d\u00eda, con actualizaciones, trabajos, noticias, intereses,etc. Actualmente, es el\u00a0principal medio de comunicaci\u00f3n por la\u00a0viabilidad\u00a0que nos proporciona\u00a0para poder llegar a un p\u00fablico concreto. Como ya hemos comentado anteriormente, <a href=\"https:\/\/allende-carpinteria.com\/index.php\/2017\/02\/17\/contacto\/\" rel=\"nofollow\"><span class=\"sr-only\">Leer m\u00e1sC\u00f3mo ponerse en contacto con nuestra empresa.<\/span>[&hellip;]<\/a><\/p>\n","protected":false},"author":1,"featured_media":0,"comment_status":"open","ping_status":"open","sticky":false,"template":"","format":"aside","meta":[],"categories":[1],"tags":[7,12,23,17,21,58,57,5,13,29,33,62,54,44,63,43,6,22,46,20,18,55,14,34,28,32,60,61,19,8,49,56,30,53,27,9,31,16,64,11,15,24,10,36,59],"yoast_head":"<!-- This site is optimized with the Yoast SEO plugin v18.5.1 - https:\/\/yoast.com\/wordpress\/plugins\/seo\/ -->\n<title>C\u00f3mo ponerse en contacto con nuestra empresa. - Carpinter\u00eda Ebanister\u00eda Allende<\/title>\n<meta name=\"description\" content=\"Ponerse en contacto con Carpinteria-Ebanisteria Allende, ya sea mediante nuestra web o bien por el facebook. Atendemos personalmente vuestras peticiones\" \/>\n<meta name=\"robots\" content=\"index, follow, max-snippet:-1, max-image-preview:large, max-video-preview:-1\" \/>\n<link rel=\"canonical\" href=\"https:\/\/allende-carpinteria.com\/index.php\/2017\/02\/17\/contacto\/\" \/>\n<meta property=\"og:locale\" content=\"es_ES\" \/>\n<meta property=\"og:type\" content=\"article\" \/>\n<meta property=\"og:title\" content=\"C\u00f3mo ponerse en contacto con nuestra empresa. - Carpinter\u00eda Ebanister\u00eda Allende\" \/>\n<meta property=\"og:description\" content=\"Ponerse en contacto con Carpinteria-Ebanisteria Allende, ya sea mediante nuestra web o bien por el facebook. Atendemos personalmente vuestras peticiones\" \/>\n<meta property=\"og:url\" content=\"https:\/\/allende-carpinteria.com\/index.php\/2017\/02\/17\/contacto\/\" \/>\n<meta property=\"og:site_name\" content=\"Carpinter\u00eda Ebanister\u00eda Allende\" \/>\n<meta property=\"article:publisher\" content=\"https:\/\/www.facebook.com\/allendecarpinteria\" \/>\n<meta property=\"article:published_time\" content=\"2017-02-17T15:22:39+00:00\" \/>\n<meta property=\"article:modified_time\" content=\"2017-02-17T15:25:05+00:00\" \/>\n<meta name=\"twitter:card\" content=\"summary\" \/>\n<meta name=\"twitter:label1\" content=\"Escrito por\" \/>\n\t<meta name=\"twitter:data1\" content=\"admin7331\" \/>\n\t<meta name=\"twitter:label2\" content=\"Tiempo de lectura\" \/>\n\t<meta name=\"twitter:data2\" content=\"1 minuto\" \/>\n<script type=\"application\/ld+json\" class=\"yoast-schema-graph\">{\"@context\":\"https:\/\/schema.org\",\"@graph\":[{\"@type\":\"WebSite\",\"@id\":\"https:\/\/allende-carpinteria.com\/#website\",\"url\":\"https:\/\/allende-carpinteria.com\/\",\"name\":\"Carpinter\u00eda Ebanister\u00eda Allende\",\"description\":\"Carpinter\u00eda Allende\",\"potentialAction\":[{\"@type\":\"SearchAction\",\"target\":{\"@type\":\"EntryPoint\",\"urlTemplate\":\"https:\/\/allende-carpinteria.com\/?s={search_term_string}\"},\"query-input\":\"required name=search_term_string\"}],\"inLanguage\":\"es\"},{\"@type\":\"WebPage\",\"@id\":\"https:\/\/allende-carpinteria.com\/index.php\/2017\/02\/17\/contacto\/#webpage\",\"url\":\"https:\/\/allende-carpinteria.com\/index.php\/2017\/02\/17\/contacto\/\",\"name\":\"C\u00f3mo ponerse en contacto con nuestra empresa. - Carpinter\u00eda Ebanister\u00eda Allende\",\"isPartOf\":{\"@id\":\"https:\/\/allende-carpinteria.com\/#website\"},\"datePublished\":\"2017-02-17T15:22:39+00:00\",\"dateModified\":\"2017-02-17T15:25:05+00:00\",\"author\":{\"@id\":\"https:\/\/allende-carpinteria.com\/#\/schema\/person\/4e31ef908b1de690546adf57e7c9b18b\"},\"description\":\"Ponerse en contacto con Carpinteria-Ebanisteria Allende, ya sea mediante nuestra web o bien por el facebook. Atendemos personalmente vuestras peticiones\",\"breadcrumb\":{\"@id\":\"https:\/\/allende-carpinteria.com\/index.php\/2017\/02\/17\/contacto\/#breadcrumb\"},\"inLanguage\":\"es\",\"potentialAction\":[{\"@type\":\"ReadAction\",\"target\":[\"https:\/\/allende-carpinteria.com\/index.php\/2017\/02\/17\/contacto\/\"]}]},{\"@type\":\"BreadcrumbList\",\"@id\":\"https:\/\/allende-carpinteria.com\/index.php\/2017\/02\/17\/contacto\/#breadcrumb\",\"itemListElement\":[{\"@type\":\"ListItem\",\"position\":1,\"name\":\"Portada\",\"item\":\"https:\/\/allende-carpinteria.com\/\"},{\"@type\":\"ListItem\",\"position\":2,\"name\":\"C\u00f3mo ponerse en contacto con nuestra empresa.\"}]},{\"@type\":\"Person\",\"@id\":\"https:\/\/allende-carpinteria.com\/#\/schema\/person\/4e31ef908b1de690546adf57e7c9b18b\",\"name\":\"admin7331\",\"image\":{\"@type\":\"ImageObject\",\"@id\":\"https:\/\/allende-carpinteria.com\/#personlogo\",\"inLanguage\":\"es\",\"url\":\"https:\/\/secure.gravatar.com\/avatar\/21363457d487317c41224955c4eabc78?s=96&d=mm&r=g\",\"contentUrl\":\"https:\/\/secure.gravatar.com\/avatar\/21363457d487317c41224955c4eabc78?s=96&d=mm&r=g\",\"caption\":\"admin7331\"}}]}<\/script>\n<!-- \/ Yoast SEO plugin. -->","yoast_head_json":{"title":"C\u00f3mo ponerse en contacto con nuestra empresa. - Carpinter\u00eda Ebanister\u00eda Allende","description":"Ponerse en contacto con Carpinteria-Ebanisteria Allende, ya sea mediante nuestra web o bien por el facebook. Atendemos personalmente vuestras peticiones","robots":{"index":"index","follow":"follow","max-snippet":"max-snippet:-1","max-image-preview":"max-image-preview:large","max-video-preview":"max-video-preview:-1"},"canonical":"https:\/\/allende-carpinteria.com\/index.php\/2017\/02\/17\/contacto\/","og_locale":"es_ES","og_type":"article","og_title":"C\u00f3mo ponerse en contacto con nuestra empresa. - Carpinter\u00eda Ebanister\u00eda Allende","og_description":"Ponerse en contacto con Carpinteria-Ebanisteria Allende, ya sea mediante nuestra web o bien por el facebook. Atendemos personalmente vuestras peticiones","og_url":"https:\/\/allende-carpinteria.com\/index.php\/2017\/02\/17\/contacto\/","og_site_name":"Carpinter\u00eda Ebanister\u00eda Allende","article_publisher":"https:\/\/www.facebook.com\/allendecarpinteria","article_published_time":"2017-02-17T15:22:39+00:00","article_modified_time":"2017-02-17T15:25:05+00:00","twitter_card":"summary","twitter_misc":{"Escrito por":"admin7331","Tiempo de lectura":"1 minuto"},"schema":{"@context":"https:\/\/schema.org","@graph":[{"@type":"WebSite","@id":"https:\/\/allende-carpinteria.com\/#website","url":"https:\/\/allende-carpinteria.com\/","name":"Carpinter\u00eda Ebanister\u00eda Allende","description":"Carpinter\u00eda Allende","potentialAction":[{"@type":"SearchAction","target":{"@type":"EntryPoint","urlTemplate":"https:\/\/allende-carpinteria.com\/?s={search_term_string}"},"query-input":"required name=search_term_string"}],"inLanguage":"es"},{"@type":"WebPage","@id":"https:\/\/allende-carpinteria.com\/index.php\/2017\/02\/17\/contacto\/#webpage","url":"https:\/\/allende-carpinteria.com\/index.php\/2017\/02\/17\/contacto\/","name":"C\u00f3mo ponerse en contacto con nuestra empresa. - Carpinter\u00eda Ebanister\u00eda Allende","isPartOf":{"@id":"https:\/\/allende-carpinteria.com\/#website"},"datePublished":"2017-02-17T15:22:39+00:00","dateModified":"2017-02-17T15:25:05+00:00","author":{"@id":"https:\/\/allende-carpinteria.com\/#\/schema\/person\/4e31ef908b1de690546adf57e7c9b18b"},"description":"Ponerse en contacto con Carpinteria-Ebanisteria Allende, ya sea mediante nuestra web o bien por el facebook. Atendemos personalmente vuestras peticiones","breadcrumb":{"@id":"https:\/\/allende-carpinteria.com\/index.php\/2017\/02\/17\/contacto\/#breadcrumb"},"inLanguage":"es","potentialAction":[{"@type":"ReadAction","target":["https:\/\/allende-carpinteria.com\/index.php\/2017\/02\/17\/contacto\/"]}]},{"@type":"BreadcrumbList","@id":"https:\/\/allende-carpinteria.com\/index.php\/2017\/02\/17\/contacto\/#breadcrumb","itemListElement":[{"@type":"ListItem","position":1,"name":"Portada","item":"https:\/\/allende-carpinteria.com\/"},{"@type":"ListItem","position":2,"name":"C\u00f3mo ponerse en contacto con nuestra empresa."}]},{"@type":"Person","@id":"https:\/\/allende-carpinteria.com\/#\/schema\/person\/4e31ef908b1de690546adf57e7c9b18b","name":"admin7331","image":{"@type":"ImageObject","@id":"https:\/\/allende-carpinteria.com\/#personlogo","inLanguage":"es","url":"https:\/\/secure.gravatar.com\/avatar\/21363457d487317c41224955c4eabc78?s=96&d=mm&r=g","contentUrl":"https:\/\/secure.gravatar.com\/avatar\/21363457d487317c41224955c4eabc78?s=96&d=mm&r=g","caption":"admin7331"}}]}},"_links":{"self":[{"href":"https:\/\/allende-carpinteria.com\/index.php\/wp-json\/wp\/v2\/posts\/343"}],"collection":[{"href":"https:\/\/allende-carpinteria.com\/index.php\/wp-json\/wp\/v2\/posts"}],"about":[{"href":"https:\/\/allende-carpinteria.com\/index.php\/wp-json\/wp\/v2\/types\/post"}],"author":[{"embeddable":true,"href":"https:\/\/allende-carpinteria.com\/index.php\/wp-json\/wp\/v2\/users\/1"}],"replies":[{"embeddable":true,"href":"https:\/\/allende-carpinteria.com\/index.php\/wp-json\/wp\/v2\/comments?post=343"}],"version-history":[{"count":4,"href":"https:\/\/allende-carpinteria.com\/index.php\/wp-json\/wp\/v2\/posts\/343\/revisions"}],"predecessor-version":[{"id":347,"href":"https:\/\/allende-carpinteria.com\/index.php\/wp-json\/wp\/v2\/posts\/343\/revisions\/347"}],"wp:attachment":[{"href":"https:\/\/allende-carpinteria.com\/index.php\/wp-json\/wp\/v2\/media?parent=343"}],"wp:term":[{"taxonomy":"category","embeddable":true,"href":"https:\/\/allende-carpinteria.com\/index.php\/wp-json\/wp\/v2\/categories?post=343"},{"taxonomy":"post_tag","embeddable":true,"href":"https:\/\/allende-carpinteria.com\/index.php\/wp-json\/wp\/v2\/tags?post=343"}],"curies":[{"name":"wp","href":"https:\/\/api.w.org\/{rel}","templated":true}]}}