{"id":333,"date":"2016-11-07T15:04:53","date_gmt":"2016-11-07T13:04:53","guid":{"rendered":"http:\/\/allende-carpinteria.com\/?p=333"},"modified":"2016-11-07T15:11:15","modified_gmt":"2016-11-07T13:11:15","slug":"decoracion-palets-madera","status":"publish","type":"post","link":"https:\/\/allende-carpinteria.com\/index.php\/2016\/11\/07\/decoracion-palets-madera\/","title":{"rendered":"Decoraci\u00f3n con Palets de madera"},"content":{"rendered":"<h2>Hoy vamos a hablaros de decoraci\u00f3n, con un utensilio cotidianos de madera muy f\u00e1cil de encontrar (los Palets).<\/h2>\n<p>Los Palets\u00a0son unas bandejas de carga que soportan los embalajes y los constituye en una unidad de carga. Es una plataforma de almacenamiento, de manutenci\u00f3n y de transporte.<\/p>\n<p>Pues bien, seguro que todo el mundo ha tratado en alg\u00fan momento de sus vidas con dicho material, o al menos lo ha visto.<\/p>\n<p>Se puede decir que con el tiempo hay muchas cosas que han cambiado, como la forma de decorar. En donde antes era sin\u00f3nimo de poner muchas cosas en un lugar, ya sea una estanter\u00eda o\u00a0un mueble con tal de almacenar recuerdos.<\/p>\n<p>Actualmente,\u00a0se lleva lo minimalista, lo vintage, lo creativo\u2026 en el que el producto, a\u00fan siendo el mismo (uno antiguo),\u00a0colocado en un lugar distinto y con tratamientos diferentes, se convierte en algo moderno e innovador.<\/p>\n<p>Es decir, antes los palets cumpl\u00edan una funci\u00f3n (almacenaje, transporte).\u00a0Hoy en d\u00eda, es un recurso muy utilizado en decoraci\u00f3n, ya sea para hacer una mesa, unas estanter\u00edas, unos muebles\u2026 e incluso una cama.<\/p>\n<p>Digamos que la madera de la que est\u00e1n constituidos los hace id\u00f3neos para la decoraci\u00f3n. Y si no os gustase dicho color hay much\u00edsima variedad de pinturas y tratamientos que se les puede aplicar.<\/p>\n<p>Si logramos combinar vuestro punto de vista e imaginaci\u00f3n, con nuestros materiales y profesionalidad, podremos crear un espacio \u00fanico y personal en el que os sentir\u00e9is orgullosos y satisfechos.<\/p>\n<p>Tan s\u00f3lo ten\u00e9is que poneros en contacto con nosotros y comentarnos vuestras ideas.<\/p>\n<p>Presupuestos sin compromiso, siempre a disposici\u00f3n del cliente.<\/p>\n<p>Estaremos encantados de atenderles, porque estamos orgullosos \u00a0de nuestro trabajo.<\/p>\n<p>Por \u00faltimo, os invito a que ech\u00e9is un vistazo a estas fotograf\u00edas, las cuales \u00a0aportan much\u00edsimas ideas de decoraci\u00f3n con Palets.<\/p>\n<p><img loading=\"lazy\" class=\"aligncenter\" src=\"http:\/\/images.miportalfinanciero.es\/articles\/850_400_decorar-con-palets.jpg\" alt=\"decorar-palets-madera-allende-blog\" width=\"850\" height=\"400\" \/><\/p>\n<p style=\"text-align: center;\">Tambi\u00e9n os recomendamos este otro Blog de decoraci\u00f3n con Palts, y qui\u00e9n sabe, igual os anim\u00e1is \ud83d\ude09<\/p>\n<blockquote data-secret=\"VLUN41M4j7\" class=\"wp-embedded-content\"><p><a href=\"http:\/\/www.makeupdecor.com\/decorar-con-palets\/\">Decorar con palets<\/a><\/p><\/blockquote>\n<p><iframe class=\"wp-embedded-content\" sandbox=\"allow-scripts\" security=\"restricted\" style=\"position: absolute; clip: rect(1px, 1px, 1px, 1px);\" src=\"http:\/\/www.makeupdecor.com\/decorar-con-palets\/embed\/#?secret=VLUN41M4j7\" data-secret=\"VLUN41M4j7\" width=\"600\" height=\"338\" title=\"&#8220;Decorar con palets&#8221; &#8212; Makeupdecor\" frameborder=\"0\" marginwidth=\"0\" marginheight=\"0\" scrolling=\"no\"><\/iframe><\/p>\n","protected":false},"excerpt":{"rendered":"<p>Hoy vamos a hablaros de decoraci\u00f3n, con un utensilio cotidianos de madera muy f\u00e1cil de encontrar (los Palets). Los Palets\u00a0son unas bandejas de carga que soportan los embalajes y los constituye en una unidad de carga. Es una plataforma de almacenamiento, de manutenci\u00f3n y de transporte. Pues bien, seguro que todo el mundo ha tratado <a href=\"https:\/\/allende-carpinteria.com\/index.php\/2016\/11\/07\/decoracion-palets-madera\/\" rel=\"nofollow\"><span class=\"sr-only\">Leer m\u00e1sDecoraci\u00f3n con Palets de madera<\/span>[&hellip;]<\/a><\/p>\n","protected":false},"author":1,"featured_media":0,"comment_status":"open","ping_status":"open","sticky":false,"template":"","format":"standard","meta":[],"categories":[1],"tags":[7,12,23,17,21,5,13,29,25,33,38,6,22,20,14,34,28,32,8,30,9,31,16,37,35,15,36],"yoast_head":"<!-- This site is optimized with the Yoast SEO plugin v18.5.1 - https:\/\/yoast.com\/wordpress\/plugins\/seo\/ -->\n<title>Decoraci\u00f3n con Palets de madera - Carpinter\u00eda Ebanister\u00eda Allende<\/title>\n<meta name=\"robots\" content=\"index, follow, max-snippet:-1, max-image-preview:large, max-video-preview:-1\" \/>\n<link rel=\"canonical\" href=\"https:\/\/allende-carpinteria.com\/index.php\/2016\/11\/07\/decoracion-palets-madera\/\" \/>\n<meta property=\"og:locale\" content=\"es_ES\" \/>\n<meta property=\"og:type\" content=\"article\" \/>\n<meta property=\"og:title\" content=\"Decoraci\u00f3n con Palets de madera - Carpinter\u00eda Ebanister\u00eda Allende\" \/>\n<meta property=\"og:description\" content=\"Hoy vamos a hablaros de decoraci\u00f3n, con un utensilio cotidianos de madera muy f\u00e1cil de encontrar (los Palets). Los Palets\u00a0son unas bandejas de carga que soportan los embalajes y los constituye en una unidad de carga. Es una plataforma de almacenamiento, de manutenci\u00f3n y de transporte. Pues bien, seguro que todo el mundo ha tratado Leer m\u00e1sDecoraci\u00f3n con Palets de madera[&hellip;]\" \/>\n<meta property=\"og:url\" content=\"https:\/\/allende-carpinteria.com\/index.php\/2016\/11\/07\/decoracion-palets-madera\/\" \/>\n<meta property=\"og:site_name\" content=\"Carpinter\u00eda Ebanister\u00eda Allende\" \/>\n<meta property=\"article:publisher\" content=\"https:\/\/www.facebook.com\/allendecarpinteria\" \/>\n<meta property=\"article:published_time\" content=\"2016-11-07T13:04:53+00:00\" \/>\n<meta property=\"article:modified_time\" content=\"2016-11-07T13:11:15+00:00\" \/>\n<meta property=\"og:image\" content=\"http:\/\/images.miportalfinanciero.es\/articles\/850_400_decorar-con-palets.jpg\" \/>\n<meta name=\"twitter:card\" content=\"summary\" \/>\n<meta name=\"twitter:label1\" content=\"Escrito por\" \/>\n\t<meta name=\"twitter:data1\" content=\"admin7331\" \/>\n\t<meta name=\"twitter:label2\" content=\"Tiempo de lectura\" \/>\n\t<meta name=\"twitter:data2\" content=\"2 minutos\" \/>\n<script type=\"application\/ld+json\" class=\"yoast-schema-graph\">{\"@context\":\"https:\/\/schema.org\",\"@graph\":[{\"@type\":\"WebSite\",\"@id\":\"https:\/\/allende-carpinteria.com\/#website\",\"url\":\"https:\/\/allende-carpinteria.com\/\",\"name\":\"Carpinter\u00eda Ebanister\u00eda Allende\",\"description\":\"Carpinter\u00eda Allende\",\"potentialAction\":[{\"@type\":\"SearchAction\",\"target\":{\"@type\":\"EntryPoint\",\"urlTemplate\":\"https:\/\/allende-carpinteria.com\/?s={search_term_string}\"},\"query-input\":\"required name=search_term_string\"}],\"inLanguage\":\"es\"},{\"@type\":\"ImageObject\",\"@id\":\"https:\/\/allende-carpinteria.com\/index.php\/2016\/11\/07\/decoracion-palets-madera\/#primaryimage\",\"inLanguage\":\"es\",\"url\":\"http:\/\/images.miportalfinanciero.es\/articles\/850_400_decorar-con-palets.jpg\",\"contentUrl\":\"http:\/\/images.miportalfinanciero.es\/articles\/850_400_decorar-con-palets.jpg\"},{\"@type\":\"WebPage\",\"@id\":\"https:\/\/allende-carpinteria.com\/index.php\/2016\/11\/07\/decoracion-palets-madera\/#webpage\",\"url\":\"https:\/\/allende-carpinteria.com\/index.php\/2016\/11\/07\/decoracion-palets-madera\/\",\"name\":\"Decoraci\u00f3n con Palets de madera - Carpinter\u00eda Ebanister\u00eda Allende\",\"isPartOf\":{\"@id\":\"https:\/\/allende-carpinteria.com\/#website\"},\"primaryImageOfPage\":{\"@id\":\"https:\/\/allende-carpinteria.com\/index.php\/2016\/11\/07\/decoracion-palets-madera\/#primaryimage\"},\"datePublished\":\"2016-11-07T13:04:53+00:00\",\"dateModified\":\"2016-11-07T13:11:15+00:00\",\"author\":{\"@id\":\"https:\/\/allende-carpinteria.com\/#\/schema\/person\/4e31ef908b1de690546adf57e7c9b18b\"},\"breadcrumb\":{\"@id\":\"https:\/\/allende-carpinteria.com\/index.php\/2016\/11\/07\/decoracion-palets-madera\/#breadcrumb\"},\"inLanguage\":\"es\",\"potentialAction\":[{\"@type\":\"ReadAction\",\"target\":[\"https:\/\/allende-carpinteria.com\/index.php\/2016\/11\/07\/decoracion-palets-madera\/\"]}]},{\"@type\":\"BreadcrumbList\",\"@id\":\"https:\/\/allende-carpinteria.com\/index.php\/2016\/11\/07\/decoracion-palets-madera\/#breadcrumb\",\"itemListElement\":[{\"@type\":\"ListItem\",\"position\":1,\"name\":\"Portada\",\"item\":\"https:\/\/allende-carpinteria.com\/\"},{\"@type\":\"ListItem\",\"position\":2,\"name\":\"Decoraci\u00f3n con Palets de madera\"}]},{\"@type\":\"Person\",\"@id\":\"https:\/\/allende-carpinteria.com\/#\/schema\/person\/4e31ef908b1de690546adf57e7c9b18b\",\"name\":\"admin7331\",\"image\":{\"@type\":\"ImageObject\",\"@id\":\"https:\/\/allende-carpinteria.com\/#personlogo\",\"inLanguage\":\"es\",\"url\":\"https:\/\/secure.gravatar.com\/avatar\/21363457d487317c41224955c4eabc78?s=96&d=mm&r=g\",\"contentUrl\":\"https:\/\/secure.gravatar.com\/avatar\/21363457d487317c41224955c4eabc78?s=96&d=mm&r=g\",\"caption\":\"admin7331\"}}]}<\/script>\n<!-- \/ Yoast SEO plugin. -->","yoast_head_json":{"title":"Decoraci\u00f3n con Palets de madera - Carpinter\u00eda Ebanister\u00eda Allende","robots":{"index":"index","follow":"follow","max-snippet":"max-snippet:-1","max-image-preview":"max-image-preview:large","max-video-preview":"max-video-preview:-1"},"canonical":"https:\/\/allende-carpinteria.com\/index.php\/2016\/11\/07\/decoracion-palets-madera\/","og_locale":"es_ES","og_type":"article","og_title":"Decoraci\u00f3n con Palets de madera - Carpinter\u00eda Ebanister\u00eda Allende","og_description":"Hoy vamos a hablaros de decoraci\u00f3n, con un utensilio cotidianos de madera muy f\u00e1cil de encontrar (los Palets). Los Palets\u00a0son unas bandejas de carga que soportan los embalajes y los constituye en una unidad de carga. Es una plataforma de almacenamiento, de manutenci\u00f3n y de transporte. Pues bien, seguro que todo el mundo ha tratado Leer m\u00e1sDecoraci\u00f3n con Palets de madera[&hellip;]","og_url":"https:\/\/allende-carpinteria.com\/index.php\/2016\/11\/07\/decoracion-palets-madera\/","og_site_name":"Carpinter\u00eda Ebanister\u00eda Allende","article_publisher":"https:\/\/www.facebook.com\/allendecarpinteria","article_published_time":"2016-11-07T13:04:53+00:00","article_modified_time":"2016-11-07T13:11:15+00:00","og_image":[{"url":"http:\/\/images.miportalfinanciero.es\/articles\/850_400_decorar-con-palets.jpg"}],"twitter_card":"summary","twitter_misc":{"Escrito por":"admin7331","Tiempo de lectura":"2 minutos"},"schema":{"@context":"https:\/\/schema.org","@graph":[{"@type":"WebSite","@id":"https:\/\/allende-carpinteria.com\/#website","url":"https:\/\/allende-carpinteria.com\/","name":"Carpinter\u00eda Ebanister\u00eda Allende","description":"Carpinter\u00eda Allende","potentialAction":[{"@type":"SearchAction","target":{"@type":"EntryPoint","urlTemplate":"https:\/\/allende-carpinteria.com\/?s={search_term_string}"},"query-input":"required name=search_term_string"}],"inLanguage":"es"},{"@type":"ImageObject","@id":"https:\/\/allende-carpinteria.com\/index.php\/2016\/11\/07\/decoracion-palets-madera\/#primaryimage","inLanguage":"es","url":"http:\/\/images.miportalfinanciero.es\/articles\/850_400_decorar-con-palets.jpg","contentUrl":"http:\/\/images.miportalfinanciero.es\/articles\/850_400_decorar-con-palets.jpg"},{"@type":"WebPage","@id":"https:\/\/allende-carpinteria.com\/index.php\/2016\/11\/07\/decoracion-palets-madera\/#webpage","url":"https:\/\/allende-carpinteria.com\/index.php\/2016\/11\/07\/decoracion-palets-madera\/","name":"Decoraci\u00f3n con Palets de madera - Carpinter\u00eda Ebanister\u00eda Allende","isPartOf":{"@id":"https:\/\/allende-carpinteria.com\/#website"},"primaryImageOfPage":{"@id":"https:\/\/allende-carpinteria.com\/index.php\/2016\/11\/07\/decoracion-palets-madera\/#primaryimage"},"datePublished":"2016-11-07T13:04:53+00:00","dateModified":"2016-11-07T13:11:15+00:00","author":{"@id":"https:\/\/allende-carpinteria.com\/#\/schema\/person\/4e31ef908b1de690546adf57e7c9b18b"},"breadcrumb":{"@id":"https:\/\/allende-carpinteria.com\/index.php\/2016\/11\/07\/decoracion-palets-madera\/#breadcrumb"},"inLanguage":"es","potentialAction":[{"@type":"ReadAction","target":["https:\/\/allende-carpinteria.com\/index.php\/2016\/11\/07\/decoracion-palets-madera\/"]}]},{"@type":"BreadcrumbList","@id":"https:\/\/allende-carpinteria.com\/index.php\/2016\/11\/07\/decoracion-palets-madera\/#breadcrumb","itemListElement":[{"@type":"ListItem","position":1,"name":"Portada","item":"https:\/\/allende-carpinteria.com\/"},{"@type":"ListItem","position":2,"name":"Decoraci\u00f3n con Palets de madera"}]},{"@type":"Person","@id":"https:\/\/allende-carpinteria.com\/#\/schema\/person\/4e31ef908b1de690546adf57e7c9b18b","name":"admin7331","image":{"@type":"ImageObject","@id":"https:\/\/allende-carpinteria.com\/#personlogo","inLanguage":"es","url":"https:\/\/secure.gravatar.com\/avatar\/21363457d487317c41224955c4eabc78?s=96&d=mm&r=g","contentUrl":"https:\/\/secure.gravatar.com\/avatar\/21363457d487317c41224955c4eabc78?s=96&d=mm&r=g","caption":"admin7331"}}]}},"_links":{"self":[{"href":"https:\/\/allende-carpinteria.com\/index.php\/wp-json\/wp\/v2\/posts\/333"}],"collection":[{"href":"https:\/\/allende-carpinteria.com\/index.php\/wp-json\/wp\/v2\/posts"}],"about":[{"href":"https:\/\/allende-carpinteria.com\/index.php\/wp-json\/wp\/v2\/types\/post"}],"author":[{"embeddable":true,"href":"https:\/\/allende-carpinteria.com\/index.php\/wp-json\/wp\/v2\/users\/1"}],"replies":[{"embeddable":true,"href":"https:\/\/allende-carpinteria.com\/index.php\/wp-json\/wp\/v2\/comments?post=333"}],"version-history":[{"count":2,"href":"https:\/\/allende-carpinteria.com\/index.php\/wp-json\/wp\/v2\/posts\/333\/revisions"}],"predecessor-version":[{"id":335,"href":"https:\/\/allende-carpinteria.com\/index.php\/wp-json\/wp\/v2\/posts\/333\/revisions\/335"}],"wp:attachment":[{"href":"https:\/\/allende-carpinteria.com\/index.php\/wp-json\/wp\/v2\/media?parent=333"}],"wp:term":[{"taxonomy":"category","embeddable":true,"href":"https:\/\/allende-carpinteria.com\/index.php\/wp-json\/wp\/v2\/categories?post=333"},{"taxonomy":"post_tag","embeddable":true,"href":"https:\/\/allende-carpinteria.com\/index.php\/wp-json\/wp\/v2\/tags?post=333"}],"curies":[{"name":"wp","href":"https:\/\/api.w.org\/{rel}","templated":true}]}}