{"id":310,"date":"2016-10-19T11:39:45","date_gmt":"2016-10-19T09:39:45","guid":{"rendered":"http:\/\/allende-carpinteria.com\/?p=310"},"modified":"2016-10-19T11:47:34","modified_gmt":"2016-10-19T09:47:34","slug":"madera-material-principal","status":"publish","type":"post","link":"https:\/\/allende-carpinteria.com\/index.php\/2016\/10\/19\/madera-material-principal\/","title":{"rendered":"Madera como material principal."},"content":{"rendered":"<h2>\u00bfPor qu\u00e9 madera?<\/h2>\n<p>Porque los procesos de transformaci\u00f3n de la madera\u00a0requieren mucha menos energ\u00eda que otros\u00a0(como acero, pl\u00e1sticos, cemento&#8230;). Es reciclable, biodegradable, resistente al tiempo y a la meteorolog\u00eda, se utiliza\u00a0tanto en exterior como en interior. Su mantenimiento es asequible y es el material de construcci\u00f3n m\u00e1s sostenible.<\/p>\n<p>En t\u00e9rminos generales, una vivienda media construida con dicho material\u00a0en vez de ladrillos reduce las emisiones de carbono en 10 toneladas. Si s\u00f3lo un 10% de las viviendas europeas fuesen de madera, las emisiones se reducir\u00edan en 1,8 millones de toneladas.<\/p>\n<p>Os preguntar\u00e9is, \u00bfc\u00f3mo puede resistir en exteriores al clima invernal? Pues bien, sin tratamiento adecuado y\u00a0con lluvias se pudrir\u00eda, pero con atenci\u00f3n profesional adecuada, es uno de los medios m\u00e1s resistentes a largo plazo.<\/p>\n<p>Queremos destacar que &#8220;es la materia prima m\u00e1s ecol\u00f3gica y resistente al tiempo y a la meteorolog\u00eda&#8221;.<\/p>\n<p>No s\u00f3lo por datos de estad\u00edsticas se aconseja, sino porque cuando entras en un recinto de madera\u00a0es\u00a0m\u00e1s acogedor. Se dice que estar rodeado de madera es bueno no s\u00f3lo para el entorno sino tambi\u00e9n para la persona, ya que absorbe las energ\u00edas negativas del lugar y &#8220;las purifica&#8221;. Digamos que es una especie &#8220;limpiadora de energ\u00edas&#8221; lo que contribuye a hacer de la vivienda un lugar m\u00e1s feliz.<\/p>\n<p>Nosotros ayudamos a contribuir con esa\u00a0felicidad, no s\u00f3lo por los materiales empleados, sino porque cada pieza es \u00fanica y personal. \u00bfQuieres comprobarlo? P\u00f3ngase en <a href=\"http:\/\/allende-carpinteria.com\/#contact\">contacto <\/a>con nosotros, estaremos encantados de atenderle.<\/p>\n<p><img loading=\"lazy\" class=\" wp-image-217 aligncenter\" src=\"http:\/\/allende-carpinteria.com\/wp-content\/uploads\/2016\/07\/escaleras-casa-madera-entrada.jpg\" alt=\"escaleras-casa-madera-entrada\" width=\"437\" height=\"537\" srcset=\"https:\/\/allende-carpinteria.com\/wp-content\/uploads\/2016\/07\/escaleras-casa-madera-entrada.jpg 800w, https:\/\/allende-carpinteria.com\/wp-content\/uploads\/2016\/07\/escaleras-casa-madera-entrada-244x300.jpg 244w, https:\/\/allende-carpinteria.com\/wp-content\/uploads\/2016\/07\/escaleras-casa-madera-entrada-768x945.jpg 768w\" sizes=\"(max-width: 437px) 100vw, 437px\" \/><\/p>\n","protected":false},"excerpt":{"rendered":"<p>\u00bfPor qu\u00e9 madera? Porque los procesos de transformaci\u00f3n de la madera\u00a0requieren mucha menos energ\u00eda que otros\u00a0(como acero, pl\u00e1sticos, cemento&#8230;). Es reciclable, biodegradable, resistente al tiempo y a la meteorolog\u00eda, se utiliza\u00a0tanto en exterior como en interior. Su mantenimiento es asequible y es el material de construcci\u00f3n m\u00e1s sostenible. En t\u00e9rminos generales, una vivienda media construida <a href=\"https:\/\/allende-carpinteria.com\/index.php\/2016\/10\/19\/madera-material-principal\/\" rel=\"nofollow\"><span class=\"sr-only\">Leer m\u00e1sMadera como material principal.<\/span>[&hellip;]<\/a><\/p>\n","protected":false},"author":1,"featured_media":0,"comment_status":"open","ping_status":"open","sticky":false,"template":"","format":"standard","meta":[],"categories":[1],"tags":[7,23,17,21,5,13,29,25,33,6,22,20,18,14,34,28,32,8,30,27,9,31,11,15,24,10],"yoast_head":"<!-- This site is optimized with the Yoast SEO plugin v18.5.1 - https:\/\/yoast.com\/wordpress\/plugins\/seo\/ -->\n<title>Madera como material principal. - Carpinter\u00eda Ebanister\u00eda Allende<\/title>\n<meta name=\"robots\" content=\"index, follow, max-snippet:-1, max-image-preview:large, max-video-preview:-1\" \/>\n<link rel=\"canonical\" href=\"https:\/\/allende-carpinteria.com\/index.php\/2016\/10\/19\/madera-material-principal\/\" \/>\n<meta property=\"og:locale\" content=\"es_ES\" \/>\n<meta property=\"og:type\" content=\"article\" \/>\n<meta property=\"og:title\" content=\"Madera como material principal. - Carpinter\u00eda Ebanister\u00eda Allende\" \/>\n<meta property=\"og:description\" content=\"\u00bfPor qu\u00e9 madera? Porque los procesos de transformaci\u00f3n de la madera\u00a0requieren mucha menos energ\u00eda que otros\u00a0(como acero, pl\u00e1sticos, cemento&#8230;). Es reciclable, biodegradable, resistente al tiempo y a la meteorolog\u00eda, se utiliza\u00a0tanto en exterior como en interior. Su mantenimiento es asequible y es el material de construcci\u00f3n m\u00e1s sostenible. En t\u00e9rminos generales, una vivienda media construida Leer m\u00e1sMadera como material principal.[&hellip;]\" \/>\n<meta property=\"og:url\" content=\"https:\/\/allende-carpinteria.com\/index.php\/2016\/10\/19\/madera-material-principal\/\" \/>\n<meta property=\"og:site_name\" content=\"Carpinter\u00eda Ebanister\u00eda Allende\" \/>\n<meta property=\"article:publisher\" content=\"https:\/\/www.facebook.com\/allendecarpinteria\" \/>\n<meta property=\"article:published_time\" content=\"2016-10-19T09:39:45+00:00\" \/>\n<meta property=\"article:modified_time\" content=\"2016-10-19T09:47:34+00:00\" \/>\n<meta property=\"og:image\" content=\"http:\/\/allende-carpinteria.com\/wp-content\/uploads\/2016\/07\/escaleras-casa-madera-entrada.jpg\" \/>\n<meta name=\"twitter:card\" content=\"summary\" \/>\n<meta name=\"twitter:label1\" content=\"Escrito por\" \/>\n\t<meta name=\"twitter:data1\" content=\"admin7331\" \/>\n\t<meta name=\"twitter:label2\" content=\"Tiempo de lectura\" \/>\n\t<meta name=\"twitter:data2\" content=\"1 minuto\" \/>\n<script type=\"application\/ld+json\" class=\"yoast-schema-graph\">{\"@context\":\"https:\/\/schema.org\",\"@graph\":[{\"@type\":\"WebSite\",\"@id\":\"https:\/\/allende-carpinteria.com\/#website\",\"url\":\"https:\/\/allende-carpinteria.com\/\",\"name\":\"Carpinter\u00eda Ebanister\u00eda Allende\",\"description\":\"Carpinter\u00eda Allende\",\"potentialAction\":[{\"@type\":\"SearchAction\",\"target\":{\"@type\":\"EntryPoint\",\"urlTemplate\":\"https:\/\/allende-carpinteria.com\/?s={search_term_string}\"},\"query-input\":\"required name=search_term_string\"}],\"inLanguage\":\"es\"},{\"@type\":\"ImageObject\",\"@id\":\"https:\/\/allende-carpinteria.com\/index.php\/2016\/10\/19\/madera-material-principal\/#primaryimage\",\"inLanguage\":\"es\",\"url\":\"http:\/\/allende-carpinteria.com\/wp-content\/uploads\/2016\/07\/escaleras-casa-madera-entrada.jpg\",\"contentUrl\":\"http:\/\/allende-carpinteria.com\/wp-content\/uploads\/2016\/07\/escaleras-casa-madera-entrada.jpg\"},{\"@type\":\"WebPage\",\"@id\":\"https:\/\/allende-carpinteria.com\/index.php\/2016\/10\/19\/madera-material-principal\/#webpage\",\"url\":\"https:\/\/allende-carpinteria.com\/index.php\/2016\/10\/19\/madera-material-principal\/\",\"name\":\"Madera como material principal. - Carpinter\u00eda Ebanister\u00eda Allende\",\"isPartOf\":{\"@id\":\"https:\/\/allende-carpinteria.com\/#website\"},\"primaryImageOfPage\":{\"@id\":\"https:\/\/allende-carpinteria.com\/index.php\/2016\/10\/19\/madera-material-principal\/#primaryimage\"},\"datePublished\":\"2016-10-19T09:39:45+00:00\",\"dateModified\":\"2016-10-19T09:47:34+00:00\",\"author\":{\"@id\":\"https:\/\/allende-carpinteria.com\/#\/schema\/person\/4e31ef908b1de690546adf57e7c9b18b\"},\"breadcrumb\":{\"@id\":\"https:\/\/allende-carpinteria.com\/index.php\/2016\/10\/19\/madera-material-principal\/#breadcrumb\"},\"inLanguage\":\"es\",\"potentialAction\":[{\"@type\":\"ReadAction\",\"target\":[\"https:\/\/allende-carpinteria.com\/index.php\/2016\/10\/19\/madera-material-principal\/\"]}]},{\"@type\":\"BreadcrumbList\",\"@id\":\"https:\/\/allende-carpinteria.com\/index.php\/2016\/10\/19\/madera-material-principal\/#breadcrumb\",\"itemListElement\":[{\"@type\":\"ListItem\",\"position\":1,\"name\":\"Portada\",\"item\":\"https:\/\/allende-carpinteria.com\/\"},{\"@type\":\"ListItem\",\"position\":2,\"name\":\"Madera como material principal.\"}]},{\"@type\":\"Person\",\"@id\":\"https:\/\/allende-carpinteria.com\/#\/schema\/person\/4e31ef908b1de690546adf57e7c9b18b\",\"name\":\"admin7331\",\"image\":{\"@type\":\"ImageObject\",\"@id\":\"https:\/\/allende-carpinteria.com\/#personlogo\",\"inLanguage\":\"es\",\"url\":\"https:\/\/secure.gravatar.com\/avatar\/21363457d487317c41224955c4eabc78?s=96&d=mm&r=g\",\"contentUrl\":\"https:\/\/secure.gravatar.com\/avatar\/21363457d487317c41224955c4eabc78?s=96&d=mm&r=g\",\"caption\":\"admin7331\"}}]}<\/script>\n<!-- \/ Yoast SEO plugin. -->","yoast_head_json":{"title":"Madera como material principal. - Carpinter\u00eda Ebanister\u00eda Allende","robots":{"index":"index","follow":"follow","max-snippet":"max-snippet:-1","max-image-preview":"max-image-preview:large","max-video-preview":"max-video-preview:-1"},"canonical":"https:\/\/allende-carpinteria.com\/index.php\/2016\/10\/19\/madera-material-principal\/","og_locale":"es_ES","og_type":"article","og_title":"Madera como material principal. - Carpinter\u00eda Ebanister\u00eda Allende","og_description":"\u00bfPor qu\u00e9 madera? Porque los procesos de transformaci\u00f3n de la madera\u00a0requieren mucha menos energ\u00eda que otros\u00a0(como acero, pl\u00e1sticos, cemento&#8230;). Es reciclable, biodegradable, resistente al tiempo y a la meteorolog\u00eda, se utiliza\u00a0tanto en exterior como en interior. Su mantenimiento es asequible y es el material de construcci\u00f3n m\u00e1s sostenible. En t\u00e9rminos generales, una vivienda media construida Leer m\u00e1sMadera como material principal.[&hellip;]","og_url":"https:\/\/allende-carpinteria.com\/index.php\/2016\/10\/19\/madera-material-principal\/","og_site_name":"Carpinter\u00eda Ebanister\u00eda Allende","article_publisher":"https:\/\/www.facebook.com\/allendecarpinteria","article_published_time":"2016-10-19T09:39:45+00:00","article_modified_time":"2016-10-19T09:47:34+00:00","og_image":[{"url":"http:\/\/allende-carpinteria.com\/wp-content\/uploads\/2016\/07\/escaleras-casa-madera-entrada.jpg"}],"twitter_card":"summary","twitter_misc":{"Escrito por":"admin7331","Tiempo de lectura":"1 minuto"},"schema":{"@context":"https:\/\/schema.org","@graph":[{"@type":"WebSite","@id":"https:\/\/allende-carpinteria.com\/#website","url":"https:\/\/allende-carpinteria.com\/","name":"Carpinter\u00eda Ebanister\u00eda Allende","description":"Carpinter\u00eda Allende","potentialAction":[{"@type":"SearchAction","target":{"@type":"EntryPoint","urlTemplate":"https:\/\/allende-carpinteria.com\/?s={search_term_string}"},"query-input":"required name=search_term_string"}],"inLanguage":"es"},{"@type":"ImageObject","@id":"https:\/\/allende-carpinteria.com\/index.php\/2016\/10\/19\/madera-material-principal\/#primaryimage","inLanguage":"es","url":"http:\/\/allende-carpinteria.com\/wp-content\/uploads\/2016\/07\/escaleras-casa-madera-entrada.jpg","contentUrl":"http:\/\/allende-carpinteria.com\/wp-content\/uploads\/2016\/07\/escaleras-casa-madera-entrada.jpg"},{"@type":"WebPage","@id":"https:\/\/allende-carpinteria.com\/index.php\/2016\/10\/19\/madera-material-principal\/#webpage","url":"https:\/\/allende-carpinteria.com\/index.php\/2016\/10\/19\/madera-material-principal\/","name":"Madera como material principal. - Carpinter\u00eda Ebanister\u00eda Allende","isPartOf":{"@id":"https:\/\/allende-carpinteria.com\/#website"},"primaryImageOfPage":{"@id":"https:\/\/allende-carpinteria.com\/index.php\/2016\/10\/19\/madera-material-principal\/#primaryimage"},"datePublished":"2016-10-19T09:39:45+00:00","dateModified":"2016-10-19T09:47:34+00:00","author":{"@id":"https:\/\/allende-carpinteria.com\/#\/schema\/person\/4e31ef908b1de690546adf57e7c9b18b"},"breadcrumb":{"@id":"https:\/\/allende-carpinteria.com\/index.php\/2016\/10\/19\/madera-material-principal\/#breadcrumb"},"inLanguage":"es","potentialAction":[{"@type":"ReadAction","target":["https:\/\/allende-carpinteria.com\/index.php\/2016\/10\/19\/madera-material-principal\/"]}]},{"@type":"BreadcrumbList","@id":"https:\/\/allende-carpinteria.com\/index.php\/2016\/10\/19\/madera-material-principal\/#breadcrumb","itemListElement":[{"@type":"ListItem","position":1,"name":"Portada","item":"https:\/\/allende-carpinteria.com\/"},{"@type":"ListItem","position":2,"name":"Madera como material principal."}]},{"@type":"Person","@id":"https:\/\/allende-carpinteria.com\/#\/schema\/person\/4e31ef908b1de690546adf57e7c9b18b","name":"admin7331","image":{"@type":"ImageObject","@id":"https:\/\/allende-carpinteria.com\/#personlogo","inLanguage":"es","url":"https:\/\/secure.gravatar.com\/avatar\/21363457d487317c41224955c4eabc78?s=96&d=mm&r=g","contentUrl":"https:\/\/secure.gravatar.com\/avatar\/21363457d487317c41224955c4eabc78?s=96&d=mm&r=g","caption":"admin7331"}}]}},"_links":{"self":[{"href":"https:\/\/allende-carpinteria.com\/index.php\/wp-json\/wp\/v2\/posts\/310"}],"collection":[{"href":"https:\/\/allende-carpinteria.com\/index.php\/wp-json\/wp\/v2\/posts"}],"about":[{"href":"https:\/\/allende-carpinteria.com\/index.php\/wp-json\/wp\/v2\/types\/post"}],"author":[{"embeddable":true,"href":"https:\/\/allende-carpinteria.com\/index.php\/wp-json\/wp\/v2\/users\/1"}],"replies":[{"embeddable":true,"href":"https:\/\/allende-carpinteria.com\/index.php\/wp-json\/wp\/v2\/comments?post=310"}],"version-history":[{"count":1,"href":"https:\/\/allende-carpinteria.com\/index.php\/wp-json\/wp\/v2\/posts\/310\/revisions"}],"predecessor-version":[{"id":311,"href":"https:\/\/allende-carpinteria.com\/index.php\/wp-json\/wp\/v2\/posts\/310\/revisions\/311"}],"wp:attachment":[{"href":"https:\/\/allende-carpinteria.com\/index.php\/wp-json\/wp\/v2\/media?parent=310"}],"wp:term":[{"taxonomy":"category","embeddable":true,"href":"https:\/\/allende-carpinteria.com\/index.php\/wp-json\/wp\/v2\/categories?post=310"},{"taxonomy":"post_tag","embeddable":true,"href":"https:\/\/allende-carpinteria.com\/index.php\/wp-json\/wp\/v2\/tags?post=310"}],"curies":[{"name":"wp","href":"https:\/\/api.w.org\/{rel}","templated":true}]}}