{"id":305,"date":"2016-10-09T16:47:15","date_gmt":"2016-10-09T14:47:15","guid":{"rendered":"http:\/\/allende-carpinteria.com\/?p=305"},"modified":"2016-10-09T16:47:15","modified_gmt":"2016-10-09T14:47:15","slug":"desplazamiento-rango-mercado","status":"publish","type":"post","link":"https:\/\/allende-carpinteria.com\/index.php\/2016\/10\/09\/desplazamiento-rango-mercado\/","title":{"rendered":"Desplazamiento, Rango de Mercado"},"content":{"rendered":"<h3>El\u00a0Rango de Mercado\u00a0en <a href=\"http:\/\/allende-carpinteria.com\/\">Carpinter\u00eda Ebanister\u00eda Allende<\/a>.<\/h3>\n<p>Hemos recibido m\u00faltiples solicitudes y preguntas sobre cu\u00e1l es nuestro rango de mercado, es decir, el desplazamiento.<\/p>\n<p>Pues bien, eso depende un poco de la obra a contratar, pero por lo general a cualquier parte de Espa\u00f1a. Pero si surge una buena obra en el extranjero\u2026 \u00bfpor qu\u00e9 no?<\/p>\n<p>Estamos abiertos a cualquier tipo de trabajo y\/o propuesta.<\/p>\n<p>El desplazamiento nunca ha sido un inconveniente para nosotros, ya que se traslad\u00f3 la empresa de Bilbao (una gran Ciudad) a un pueblo tranquilo al norte de Palencia.<\/p>\n<p>Tan s\u00f3lo ten\u00e9is que poneros en contacto con nosotros (ya sea por correo electr\u00f3nico o por tel\u00e9fono) y decirnos en qu\u00e9 podemos ayudaros. Ya sea para un armario (una de nuestras especialidades) o para restaurar un tejado de una casa. Tratamos la madera con diversos procesos, dependiendo del fin del producto, ya que exterior e interior necesitan tratamientos diferentes. Tambi\u00e9n poseemos una amplia gama de maderas dependiendo de los gustos del cliente, para que cada trabajo sea \u00fanico y diferente al resto.<\/p>\n<p>Hacemos diversos tipos de trabajos siempre con alegr\u00eda y buen humor, \u00bfquieren comprobarlo?\u00a0 \ud83d\ude09<\/p>\n<p><a href=\"http:\/\/allende-carpinteria.com\/\">Contacta con nosotros<\/a><\/p>\n<p>Correo electr\u00f3nico:\u00a0<a href=\"mailto:allendecarpinteria@gmail.com\">allendecarpinteria@gmail.com<\/a><\/p>\n<p>N\u00famero de tel\u00e9fono m\u00f3vil:\u00a0609 956 802<\/p>\n<p>Siempre puede seguirnos en <a href=\"https:\/\/www.facebook.com\/allendecarpinteria\">Facebook<\/a>, se agradecen los &#8220;me gusta&#8221;\u00a0 \ud83d\ude00<\/p>\n<p>&nbsp;<\/p>\n<p><img loading=\"lazy\" class=\"size-full wp-image-307 aligncenter\" src=\"http:\/\/allende-carpinteria.com\/wp-content\/uploads\/2016\/10\/VALLE-MIRANDA-BERREA-NAD-CARRETERA.jpg\" alt=\"valle-miranda-berrea-nad-carretera\" width=\"900\" height=\"444\" srcset=\"https:\/\/allende-carpinteria.com\/wp-content\/uploads\/2016\/10\/VALLE-MIRANDA-BERREA-NAD-CARRETERA.jpg 900w, https:\/\/allende-carpinteria.com\/wp-content\/uploads\/2016\/10\/VALLE-MIRANDA-BERREA-NAD-CARRETERA-300x148.jpg 300w, https:\/\/allende-carpinteria.com\/wp-content\/uploads\/2016\/10\/VALLE-MIRANDA-BERREA-NAD-CARRETERA-768x379.jpg 768w\" sizes=\"(max-width: 900px) 100vw, 900px\" \/><\/p>\n","protected":false},"excerpt":{"rendered":"<p>El\u00a0Rango de Mercado\u00a0en Carpinter\u00eda Ebanister\u00eda Allende. Hemos recibido m\u00faltiples solicitudes y preguntas sobre cu\u00e1l es nuestro rango de mercado, es decir, el desplazamiento. Pues bien, eso depende un poco de la obra a contratar, pero por lo general a cualquier parte de Espa\u00f1a. Pero si surge una buena obra en el extranjero\u2026 \u00bfpor qu\u00e9 no? <a href=\"https:\/\/allende-carpinteria.com\/index.php\/2016\/10\/09\/desplazamiento-rango-mercado\/\" rel=\"nofollow\"><span class=\"sr-only\">Leer m\u00e1sDesplazamiento, Rango de Mercado<\/span>[&hellip;]<\/a><\/p>\n","protected":false},"author":1,"featured_media":0,"comment_status":"open","ping_status":"open","sticky":false,"template":"","format":"standard","meta":[],"categories":[1],"tags":[7,12,23,5,13,25,6,22,8,27,9,24,26],"yoast_head":"<!-- This site is optimized with the Yoast SEO plugin v18.5.1 - https:\/\/yoast.com\/wordpress\/plugins\/seo\/ -->\n<title>Desplazamiento, Rango de Mercado - Carpinter\u00eda Ebanister\u00eda Allende<\/title>\n<meta name=\"robots\" content=\"index, follow, max-snippet:-1, max-image-preview:large, max-video-preview:-1\" \/>\n<link rel=\"canonical\" href=\"https:\/\/allende-carpinteria.com\/index.php\/2016\/10\/09\/desplazamiento-rango-mercado\/\" \/>\n<meta property=\"og:locale\" content=\"es_ES\" \/>\n<meta property=\"og:type\" content=\"article\" \/>\n<meta property=\"og:title\" content=\"Desplazamiento, Rango de Mercado - Carpinter\u00eda Ebanister\u00eda Allende\" \/>\n<meta property=\"og:description\" content=\"El\u00a0Rango de Mercado\u00a0en Carpinter\u00eda Ebanister\u00eda Allende. Hemos recibido m\u00faltiples solicitudes y preguntas sobre cu\u00e1l es nuestro rango de mercado, es decir, el desplazamiento. Pues bien, eso depende un poco de la obra a contratar, pero por lo general a cualquier parte de Espa\u00f1a. Pero si surge una buena obra en el extranjero\u2026 \u00bfpor qu\u00e9 no? Leer m\u00e1sDesplazamiento, Rango de Mercado[&hellip;]\" \/>\n<meta property=\"og:url\" content=\"https:\/\/allende-carpinteria.com\/index.php\/2016\/10\/09\/desplazamiento-rango-mercado\/\" \/>\n<meta property=\"og:site_name\" content=\"Carpinter\u00eda Ebanister\u00eda Allende\" \/>\n<meta property=\"article:publisher\" content=\"https:\/\/www.facebook.com\/allendecarpinteria\" \/>\n<meta property=\"article:published_time\" content=\"2016-10-09T14:47:15+00:00\" \/>\n<meta property=\"og:image\" content=\"http:\/\/allende-carpinteria.com\/wp-content\/uploads\/2016\/10\/VALLE-MIRANDA-BERREA-NAD-CARRETERA.jpg\" \/>\n<meta name=\"twitter:card\" content=\"summary\" \/>\n<meta name=\"twitter:label1\" content=\"Escrito por\" \/>\n\t<meta name=\"twitter:data1\" content=\"admin7331\" \/>\n\t<meta name=\"twitter:label2\" content=\"Tiempo de lectura\" \/>\n\t<meta name=\"twitter:data2\" content=\"1 minuto\" \/>\n<script type=\"application\/ld+json\" class=\"yoast-schema-graph\">{\"@context\":\"https:\/\/schema.org\",\"@graph\":[{\"@type\":\"WebSite\",\"@id\":\"https:\/\/allende-carpinteria.com\/#website\",\"url\":\"https:\/\/allende-carpinteria.com\/\",\"name\":\"Carpinter\u00eda Ebanister\u00eda Allende\",\"description\":\"Carpinter\u00eda Allende\",\"potentialAction\":[{\"@type\":\"SearchAction\",\"target\":{\"@type\":\"EntryPoint\",\"urlTemplate\":\"https:\/\/allende-carpinteria.com\/?s={search_term_string}\"},\"query-input\":\"required name=search_term_string\"}],\"inLanguage\":\"es\"},{\"@type\":\"ImageObject\",\"@id\":\"https:\/\/allende-carpinteria.com\/index.php\/2016\/10\/09\/desplazamiento-rango-mercado\/#primaryimage\",\"inLanguage\":\"es\",\"url\":\"http:\/\/allende-carpinteria.com\/wp-content\/uploads\/2016\/10\/VALLE-MIRANDA-BERREA-NAD-CARRETERA.jpg\",\"contentUrl\":\"http:\/\/allende-carpinteria.com\/wp-content\/uploads\/2016\/10\/VALLE-MIRANDA-BERREA-NAD-CARRETERA.jpg\"},{\"@type\":\"WebPage\",\"@id\":\"https:\/\/allende-carpinteria.com\/index.php\/2016\/10\/09\/desplazamiento-rango-mercado\/#webpage\",\"url\":\"https:\/\/allende-carpinteria.com\/index.php\/2016\/10\/09\/desplazamiento-rango-mercado\/\",\"name\":\"Desplazamiento, Rango de Mercado - Carpinter\u00eda Ebanister\u00eda Allende\",\"isPartOf\":{\"@id\":\"https:\/\/allende-carpinteria.com\/#website\"},\"primaryImageOfPage\":{\"@id\":\"https:\/\/allende-carpinteria.com\/index.php\/2016\/10\/09\/desplazamiento-rango-mercado\/#primaryimage\"},\"datePublished\":\"2016-10-09T14:47:15+00:00\",\"dateModified\":\"2016-10-09T14:47:15+00:00\",\"author\":{\"@id\":\"https:\/\/allende-carpinteria.com\/#\/schema\/person\/4e31ef908b1de690546adf57e7c9b18b\"},\"breadcrumb\":{\"@id\":\"https:\/\/allende-carpinteria.com\/index.php\/2016\/10\/09\/desplazamiento-rango-mercado\/#breadcrumb\"},\"inLanguage\":\"es\",\"potentialAction\":[{\"@type\":\"ReadAction\",\"target\":[\"https:\/\/allende-carpinteria.com\/index.php\/2016\/10\/09\/desplazamiento-rango-mercado\/\"]}]},{\"@type\":\"BreadcrumbList\",\"@id\":\"https:\/\/allende-carpinteria.com\/index.php\/2016\/10\/09\/desplazamiento-rango-mercado\/#breadcrumb\",\"itemListElement\":[{\"@type\":\"ListItem\",\"position\":1,\"name\":\"Portada\",\"item\":\"https:\/\/allende-carpinteria.com\/\"},{\"@type\":\"ListItem\",\"position\":2,\"name\":\"Desplazamiento, Rango de Mercado\"}]},{\"@type\":\"Person\",\"@id\":\"https:\/\/allende-carpinteria.com\/#\/schema\/person\/4e31ef908b1de690546adf57e7c9b18b\",\"name\":\"admin7331\",\"image\":{\"@type\":\"ImageObject\",\"@id\":\"https:\/\/allende-carpinteria.com\/#personlogo\",\"inLanguage\":\"es\",\"url\":\"https:\/\/secure.gravatar.com\/avatar\/21363457d487317c41224955c4eabc78?s=96&d=mm&r=g\",\"contentUrl\":\"https:\/\/secure.gravatar.com\/avatar\/21363457d487317c41224955c4eabc78?s=96&d=mm&r=g\",\"caption\":\"admin7331\"}}]}<\/script>\n<!-- \/ Yoast SEO plugin. -->","yoast_head_json":{"title":"Desplazamiento, Rango de Mercado - Carpinter\u00eda Ebanister\u00eda Allende","robots":{"index":"index","follow":"follow","max-snippet":"max-snippet:-1","max-image-preview":"max-image-preview:large","max-video-preview":"max-video-preview:-1"},"canonical":"https:\/\/allende-carpinteria.com\/index.php\/2016\/10\/09\/desplazamiento-rango-mercado\/","og_locale":"es_ES","og_type":"article","og_title":"Desplazamiento, Rango de Mercado - Carpinter\u00eda Ebanister\u00eda Allende","og_description":"El\u00a0Rango de Mercado\u00a0en Carpinter\u00eda Ebanister\u00eda Allende. Hemos recibido m\u00faltiples solicitudes y preguntas sobre cu\u00e1l es nuestro rango de mercado, es decir, el desplazamiento. Pues bien, eso depende un poco de la obra a contratar, pero por lo general a cualquier parte de Espa\u00f1a. Pero si surge una buena obra en el extranjero\u2026 \u00bfpor qu\u00e9 no? Leer m\u00e1sDesplazamiento, Rango de Mercado[&hellip;]","og_url":"https:\/\/allende-carpinteria.com\/index.php\/2016\/10\/09\/desplazamiento-rango-mercado\/","og_site_name":"Carpinter\u00eda Ebanister\u00eda Allende","article_publisher":"https:\/\/www.facebook.com\/allendecarpinteria","article_published_time":"2016-10-09T14:47:15+00:00","og_image":[{"url":"http:\/\/allende-carpinteria.com\/wp-content\/uploads\/2016\/10\/VALLE-MIRANDA-BERREA-NAD-CARRETERA.jpg"}],"twitter_card":"summary","twitter_misc":{"Escrito por":"admin7331","Tiempo de lectura":"1 minuto"},"schema":{"@context":"https:\/\/schema.org","@graph":[{"@type":"WebSite","@id":"https:\/\/allende-carpinteria.com\/#website","url":"https:\/\/allende-carpinteria.com\/","name":"Carpinter\u00eda Ebanister\u00eda Allende","description":"Carpinter\u00eda Allende","potentialAction":[{"@type":"SearchAction","target":{"@type":"EntryPoint","urlTemplate":"https:\/\/allende-carpinteria.com\/?s={search_term_string}"},"query-input":"required name=search_term_string"}],"inLanguage":"es"},{"@type":"ImageObject","@id":"https:\/\/allende-carpinteria.com\/index.php\/2016\/10\/09\/desplazamiento-rango-mercado\/#primaryimage","inLanguage":"es","url":"http:\/\/allende-carpinteria.com\/wp-content\/uploads\/2016\/10\/VALLE-MIRANDA-BERREA-NAD-CARRETERA.jpg","contentUrl":"http:\/\/allende-carpinteria.com\/wp-content\/uploads\/2016\/10\/VALLE-MIRANDA-BERREA-NAD-CARRETERA.jpg"},{"@type":"WebPage","@id":"https:\/\/allende-carpinteria.com\/index.php\/2016\/10\/09\/desplazamiento-rango-mercado\/#webpage","url":"https:\/\/allende-carpinteria.com\/index.php\/2016\/10\/09\/desplazamiento-rango-mercado\/","name":"Desplazamiento, Rango de Mercado - Carpinter\u00eda Ebanister\u00eda Allende","isPartOf":{"@id":"https:\/\/allende-carpinteria.com\/#website"},"primaryImageOfPage":{"@id":"https:\/\/allende-carpinteria.com\/index.php\/2016\/10\/09\/desplazamiento-rango-mercado\/#primaryimage"},"datePublished":"2016-10-09T14:47:15+00:00","dateModified":"2016-10-09T14:47:15+00:00","author":{"@id":"https:\/\/allende-carpinteria.com\/#\/schema\/person\/4e31ef908b1de690546adf57e7c9b18b"},"breadcrumb":{"@id":"https:\/\/allende-carpinteria.com\/index.php\/2016\/10\/09\/desplazamiento-rango-mercado\/#breadcrumb"},"inLanguage":"es","potentialAction":[{"@type":"ReadAction","target":["https:\/\/allende-carpinteria.com\/index.php\/2016\/10\/09\/desplazamiento-rango-mercado\/"]}]},{"@type":"BreadcrumbList","@id":"https:\/\/allende-carpinteria.com\/index.php\/2016\/10\/09\/desplazamiento-rango-mercado\/#breadcrumb","itemListElement":[{"@type":"ListItem","position":1,"name":"Portada","item":"https:\/\/allende-carpinteria.com\/"},{"@type":"ListItem","position":2,"name":"Desplazamiento, Rango de Mercado"}]},{"@type":"Person","@id":"https:\/\/allende-carpinteria.com\/#\/schema\/person\/4e31ef908b1de690546adf57e7c9b18b","name":"admin7331","image":{"@type":"ImageObject","@id":"https:\/\/allende-carpinteria.com\/#personlogo","inLanguage":"es","url":"https:\/\/secure.gravatar.com\/avatar\/21363457d487317c41224955c4eabc78?s=96&d=mm&r=g","contentUrl":"https:\/\/secure.gravatar.com\/avatar\/21363457d487317c41224955c4eabc78?s=96&d=mm&r=g","caption":"admin7331"}}]}},"_links":{"self":[{"href":"https:\/\/allende-carpinteria.com\/index.php\/wp-json\/wp\/v2\/posts\/305"}],"collection":[{"href":"https:\/\/allende-carpinteria.com\/index.php\/wp-json\/wp\/v2\/posts"}],"about":[{"href":"https:\/\/allende-carpinteria.com\/index.php\/wp-json\/wp\/v2\/types\/post"}],"author":[{"embeddable":true,"href":"https:\/\/allende-carpinteria.com\/index.php\/wp-json\/wp\/v2\/users\/1"}],"replies":[{"embeddable":true,"href":"https:\/\/allende-carpinteria.com\/index.php\/wp-json\/wp\/v2\/comments?post=305"}],"version-history":[{"count":1,"href":"https:\/\/allende-carpinteria.com\/index.php\/wp-json\/wp\/v2\/posts\/305\/revisions"}],"predecessor-version":[{"id":308,"href":"https:\/\/allende-carpinteria.com\/index.php\/wp-json\/wp\/v2\/posts\/305\/revisions\/308"}],"wp:attachment":[{"href":"https:\/\/allende-carpinteria.com\/index.php\/wp-json\/wp\/v2\/media?parent=305"}],"wp:term":[{"taxonomy":"category","embeddable":true,"href":"https:\/\/allende-carpinteria.com\/index.php\/wp-json\/wp\/v2\/categories?post=305"},{"taxonomy":"post_tag","embeddable":true,"href":"https:\/\/allende-carpinteria.com\/index.php\/wp-json\/wp\/v2\/tags?post=305"}],"curies":[{"name":"wp","href":"https:\/\/api.w.org\/{rel}","templated":true}]}}